{"id":355,"date":"2022-09-08T14:41:07","date_gmt":"2022-09-08T12:41:07","guid":{"rendered":"https:\/\/fundaciondoctrinacristiana.es\/constantina\/?p=355"},"modified":"2022-09-08T14:41:07","modified_gmt":"2022-09-08T12:41:07","slug":"horario-del-primer-dia-de-clase-para-el-curso-academico-2022-2023","status":"publish","type":"post","link":"https:\/\/fundaciondoctrinacristiana.es\/constantina\/2022\/09\/08\/horario-del-primer-dia-de-clase-para-el-curso-academico-2022-2023\/","title":{"rendered":"Horario del primer d\u00eda de clase para el curso acad\u00e9mico 2022-2023"},"content":{"rendered":"<p>Este es el horario del primer d\u00eda de clase para EI, EP y ESO:<\/p>\n<p><a href=\"https:\/\/fundaciondoctrinacristiana.es\/constantina\/wp-content\/uploads\/sites\/5\/2022\/09\/Horario-primer-dia-clase-22-23.pdf\">Horario primer d\u00eda clase 22-23<\/a><\/p>\n","protected":false},"excerpt":{"rendered":"<p>Este es el horario del primer d\u00eda de clase para EI, EP y ESO: Horario primer d\u00eda clase 22-23<\/p>\n","protected":false},"author":15,"featured_media":0,"comment_status":"closed","ping_status":"closed","sticky":false,"template":"","format":"standard","meta":{"footnotes":""},"categories":[1],"tags":[],"class_list":["post-355","post","type-post","status-publish","format-standard","hentry","category-sin-categoria"],"_links":{"self":[{"href":"https:\/\/fundaciondoctrinacristiana.es\/constantina\/wp-json\/wp\/v2\/posts\/355","targetHints":{"allow":["GET"]}}],"collection":[{"href":"https:\/\/fundaciondoctrinacristiana.es\/constantina\/wp-json\/wp\/v2\/posts"}],"about":[{"href":"https:\/\/fundaciondoctrinacristiana.es\/constantina\/wp-json\/wp\/v2\/types\/post"}],"author":[{"embeddable":true,"href":"https:\/\/fundaciondoctrinacristiana.es\/constantina\/wp-json\/wp\/v2\/users\/15"}],"replies":[{"embeddable":true,"href":"https:\/\/fundaciondoctrinacristiana.es\/constantina\/wp-json\/wp\/v2\/comments?post=355"}],"version-history":[{"count":1,"href":"https:\/\/fundaciondoctrinacristiana.es\/constantina\/wp-json\/wp\/v2\/posts\/355\/revisions"}],"predecessor-version":[{"id":357,"href":"https:\/\/fundaciondoctrinacristiana.es\/constantina\/wp-json\/wp\/v2\/posts\/355\/revisions\/357"}],"wp:attachment":[{"href":"https:\/\/fundaciondoctrinacristiana.es\/constantina\/wp-json\/wp\/v2\/media?parent=355"}],"wp:term":[{"taxonomy":"category","embeddable":true,"href":"https:\/\/fundaciondoctrinacristiana.es\/constantina\/wp-json\/wp\/v2\/categories?post=355"},{"taxonomy":"post_tag","embeddable":true,"href":"https:\/\/fundaciondoctrinacristiana.es\/constantina\/wp-json\/wp\/v2\/tags?post=355"}],"curies":[{"name":"wp","href":"https:\/\/api.w.org\/{rel}","templated":true}]}}