{"id":366,"date":"2022-09-30T21:37:59","date_gmt":"2022-09-30T19:37:59","guid":{"rendered":"https:\/\/fundaciondoctrinacristiana.es\/constantina\/?p=366"},"modified":"2022-09-30T21:37:59","modified_gmt":"2022-09-30T19:37:59","slug":"aula-matutina","status":"publish","type":"post","link":"https:\/\/fundaciondoctrinacristiana.es\/constantina\/2022\/09\/30\/aula-matutina\/","title":{"rendered":"\u00a1\u00a1 AULA MATUTINA !!"},"content":{"rendered":"<p>Estimadas familias, os comunicamos que:<\/p>\n<p>A partir del <strong>lunes 3 de octubre<\/strong>, podr\u00e1 hacer uso del aula matutina, el alumnado de nuestro Colegio que pertenezca a la Fundaci\u00f3n.<\/p>\n<p>El horario ser\u00e1 de <strong>8:00-9:00h<\/strong> y\/o de <strong>14:00-15:00h<\/strong><\/p>\n<p>Esperamos que sea de vuestra satisfacci\u00f3n<\/p>\n","protected":false},"excerpt":{"rendered":"<p>Estimadas familias, os comunicamos que: A partir del lunes 3 de octubre, podr\u00e1 hacer uso del aula matutina, el alumnado de nuestro Colegio que pertenezca a la Fundaci\u00f3n. El horario ser\u00e1 de 8:00-9:00h y\/o de 14:00-15:00h Esperamos que sea de vuestra satisfacci\u00f3n<\/p>\n","protected":false},"author":15,"featured_media":0,"comment_status":"closed","ping_status":"closed","sticky":false,"template":"","format":"standard","meta":{"footnotes":""},"categories":[1],"tags":[],"class_list":["post-366","post","type-post","status-publish","format-standard","hentry","category-sin-categoria"],"_links":{"self":[{"href":"https:\/\/fundaciondoctrinacristiana.es\/constantina\/wp-json\/wp\/v2\/posts\/366","targetHints":{"allow":["GET"]}}],"collection":[{"href":"https:\/\/fundaciondoctrinacristiana.es\/constantina\/wp-json\/wp\/v2\/posts"}],"about":[{"href":"https:\/\/fundaciondoctrinacristiana.es\/constantina\/wp-json\/wp\/v2\/types\/post"}],"author":[{"embeddable":true,"href":"https:\/\/fundaciondoctrinacristiana.es\/constantina\/wp-json\/wp\/v2\/users\/15"}],"replies":[{"embeddable":true,"href":"https:\/\/fundaciondoctrinacristiana.es\/constantina\/wp-json\/wp\/v2\/comments?post=366"}],"version-history":[{"count":1,"href":"https:\/\/fundaciondoctrinacristiana.es\/constantina\/wp-json\/wp\/v2\/posts\/366\/revisions"}],"predecessor-version":[{"id":367,"href":"https:\/\/fundaciondoctrinacristiana.es\/constantina\/wp-json\/wp\/v2\/posts\/366\/revisions\/367"}],"wp:attachment":[{"href":"https:\/\/fundaciondoctrinacristiana.es\/constantina\/wp-json\/wp\/v2\/media?parent=366"}],"wp:term":[{"taxonomy":"category","embeddable":true,"href":"https:\/\/fundaciondoctrinacristiana.es\/constantina\/wp-json\/wp\/v2\/categories?post=366"},{"taxonomy":"post_tag","embeddable":true,"href":"https:\/\/fundaciondoctrinacristiana.es\/constantina\/wp-json\/wp\/v2\/tags?post=366"}],"curies":[{"name":"wp","href":"https:\/\/api.w.org\/{rel}","templated":true}]}}