{"id":484,"date":"2023-02-28T10:48:03","date_gmt":"2023-02-28T09:48:03","guid":{"rendered":"https:\/\/fundaciondoctrinacristiana.es\/constantina\/?p=484"},"modified":"2023-02-28T10:50:49","modified_gmt":"2023-02-28T09:50:49","slug":"video-del-dia-de-andalucia-2023-provincias-andaluzas","status":"publish","type":"post","link":"https:\/\/fundaciondoctrinacristiana.es\/constantina\/2023\/02\/28\/video-del-dia-de-andalucia-2023-provincias-andaluzas\/","title":{"rendered":"V\u00eddeo del D\u00eda de Andaluc\u00eda 2023. Provincias andaluzas"},"content":{"rendered":"<h3>El Colegio Sagrado Coraz\u00f3n de Jes\u00fas os desea feliz d\u00eda de Andaluc\u00eda.<\/h3>\n<h3><a href=\"https:\/\/www.youtube.com\/watch?v=imjAfOv7pQY\" target=\"_blank\" rel=\"noopener\">Pulsa para ver&#8211;&gt; V\u00eddeo del D\u00eda de Andaluc\u00eda 2023. Provincias Andaluzas<\/a><\/h3>\n","protected":false},"excerpt":{"rendered":"<p>El Colegio Sagrado Coraz\u00f3n de Jes\u00fas os desea feliz d\u00eda de Andaluc\u00eda. Pulsa para ver&#8211;&gt; V\u00eddeo del D\u00eda de Andaluc\u00eda 2023. Provincias Andaluzas<\/p>\n","protected":false},"author":15,"featured_media":0,"comment_status":"closed","ping_status":"closed","sticky":false,"template":"","format":"standard","meta":{"footnotes":""},"categories":[1],"tags":[],"class_list":["post-484","post","type-post","status-publish","format-standard","hentry","category-sin-categoria"],"_links":{"self":[{"href":"https:\/\/fundaciondoctrinacristiana.es\/constantina\/wp-json\/wp\/v2\/posts\/484","targetHints":{"allow":["GET"]}}],"collection":[{"href":"https:\/\/fundaciondoctrinacristiana.es\/constantina\/wp-json\/wp\/v2\/posts"}],"about":[{"href":"https:\/\/fundaciondoctrinacristiana.es\/constantina\/wp-json\/wp\/v2\/types\/post"}],"author":[{"embeddable":true,"href":"https:\/\/fundaciondoctrinacristiana.es\/constantina\/wp-json\/wp\/v2\/users\/15"}],"replies":[{"embeddable":true,"href":"https:\/\/fundaciondoctrinacristiana.es\/constantina\/wp-json\/wp\/v2\/comments?post=484"}],"version-history":[{"count":4,"href":"https:\/\/fundaciondoctrinacristiana.es\/constantina\/wp-json\/wp\/v2\/posts\/484\/revisions"}],"predecessor-version":[{"id":488,"href":"https:\/\/fundaciondoctrinacristiana.es\/constantina\/wp-json\/wp\/v2\/posts\/484\/revisions\/488"}],"wp:attachment":[{"href":"https:\/\/fundaciondoctrinacristiana.es\/constantina\/wp-json\/wp\/v2\/media?parent=484"}],"wp:term":[{"taxonomy":"category","embeddable":true,"href":"https:\/\/fundaciondoctrinacristiana.es\/constantina\/wp-json\/wp\/v2\/categories?post=484"},{"taxonomy":"post_tag","embeddable":true,"href":"https:\/\/fundaciondoctrinacristiana.es\/constantina\/wp-json\/wp\/v2\/tags?post=484"}],"curies":[{"name":"wp","href":"https:\/\/api.w.org\/{rel}","templated":true}]}}