{"id":2014,"date":"2020-12-22T18:06:16","date_gmt":"2020-12-22T17:06:16","guid":{"rendered":"https:\/\/doctrinacristianaguarena.es\/?p=2014"},"modified":"2020-12-22T18:06:16","modified_gmt":"2020-12-22T17:06:16","slug":"winter-merry-christmas","status":"publish","type":"post","link":"https:\/\/fundaciondoctrinacristiana.es\/guarena\/2020\/12\/22\/winter-merry-christmas\/","title":{"rendered":"WINTER MERRY CHRISTMAS"},"content":{"rendered":"<p>Un a\u00f1o m\u00e1s, hemos querido que la magia de la Navidad llegue a nuestro centro. Los peque\u00f1os elfos del cole han disfrutado de este d\u00eda tan especial y los Reyes Magos, este a\u00f1o han decidido traerles&#8230;felicidad!!<\/p>\n<p><a href=\"https:\/\/www.youtube.com\/watch?v=2FOD-nWwxec&#038;feature=youtu.be\" target=\"_blank\" rel=\"noopener\">https:\/\/www.youtube.com\/watch?v=2FOD-nWwxec&amp;feature=youtu.be<\/a><\/p>\n","protected":false},"excerpt":{"rendered":"<p>Un a\u00f1o m\u00e1s, hemos querido que la magia de la Navidad llegue a nuestro centro. Los peque\u00f1os elfos del cole han disfrutado de este d\u00eda tan especial y los Reyes Magos, este a\u00f1o han decidido traerles&#8230;felicidad!!<\/p>\n","protected":false},"author":1,"featured_media":2016,"comment_status":"closed","ping_status":"closed","sticky":false,"template":"","format":"standard","meta":{"footnotes":""},"categories":[9],"tags":[],"class_list":["post-2014","post","type-post","status-publish","format-standard","has-post-thumbnail","hentry","category-infantil"],"_links":{"self":[{"href":"https:\/\/fundaciondoctrinacristiana.es\/guarena\/wp-json\/wp\/v2\/posts\/2014","targetHints":{"allow":["GET"]}}],"collection":[{"href":"https:\/\/fundaciondoctrinacristiana.es\/guarena\/wp-json\/wp\/v2\/posts"}],"about":[{"href":"https:\/\/fundaciondoctrinacristiana.es\/guarena\/wp-json\/wp\/v2\/types\/post"}],"author":[{"embeddable":true,"href":"https:\/\/fundaciondoctrinacristiana.es\/guarena\/wp-json\/wp\/v2\/users\/1"}],"replies":[{"embeddable":true,"href":"https:\/\/fundaciondoctrinacristiana.es\/guarena\/wp-json\/wp\/v2\/comments?post=2014"}],"version-history":[{"count":0,"href":"https:\/\/fundaciondoctrinacristiana.es\/guarena\/wp-json\/wp\/v2\/posts\/2014\/revisions"}],"wp:featuredmedia":[{"embeddable":true,"href":"https:\/\/fundaciondoctrinacristiana.es\/guarena\/wp-json\/"}],"wp:attachment":[{"href":"https:\/\/fundaciondoctrinacristiana.es\/guarena\/wp-json\/wp\/v2\/media?parent=2014"}],"wp:term":[{"taxonomy":"category","embeddable":true,"href":"https:\/\/fundaciondoctrinacristiana.es\/guarena\/wp-json\/wp\/v2\/categories?post=2014"},{"taxonomy":"post_tag","embeddable":true,"href":"https:\/\/fundaciondoctrinacristiana.es\/guarena\/wp-json\/wp\/v2\/tags?post=2014"}],"curies":[{"name":"wp","href":"https:\/\/api.w.org\/{rel}","templated":true}]}}