{"id":2213,"date":"2021-10-07T12:35:46","date_gmt":"2021-10-07T10:35:46","guid":{"rendered":"https:\/\/fundaciondoctrinacristiana.es\/guarena\/?p=2213"},"modified":"2021-10-07T12:35:46","modified_gmt":"2021-10-07T10:35:46","slug":"aviso-vacante-de-monitor-de-afc-especialidad-educacion-fisica-y-deportiva","status":"publish","type":"post","link":"https:\/\/fundaciondoctrinacristiana.es\/guarena\/2021\/10\/07\/aviso-vacante-de-monitor-de-afc-especialidad-educacion-fisica-y-deportiva\/","title":{"rendered":"\u00a1\u00a1AVISO!!: VACANTE DE MONITOR DE AFC ESPECIALIDAD EDUCACI\u00d3N F\u00cdSICA Y DEPORTIVA"},"content":{"rendered":"<p>Se oferta 1 vacante de monitor de AFC Especialidad de Educaci\u00f3n F\u00edsica y de Deporte.<\/p>\n<p>El plazo de entrega de solicitudes es del 11 al 15 de octubre.<\/p>\n<p>Para mayor informaci\u00f3n, haced clic <a href=\"https:\/\/drive.google.com\/file\/d\/12bRVEYa8Kj7mC8BvFzmG7wKYVH67ei57\/view?usp=sharing\" target=\"_blank\" rel=\"noopener\">aqu\u00ed<\/a>.<\/p>\n<p>&nbsp;<\/p>\n","protected":false},"excerpt":{"rendered":"<p>Se oferta 1 vacante de monitor de AFC Especialidad de Educaci\u00f3n F\u00edsica y de Deporte. El plazo de entrega de solicitudes es del 11 al 15 de octubre. Para mayor informaci\u00f3n, haced clic aqu\u00ed. &nbsp;<\/p>\n","protected":false},"author":24,"featured_media":2216,"comment_status":"closed","ping_status":"closed","sticky":false,"template":"","format":"standard","meta":{"footnotes":""},"categories":[2],"tags":[],"class_list":["post-2213","post","type-post","status-publish","format-standard","has-post-thumbnail","hentry","category-noticias-avisos"],"_links":{"self":[{"href":"https:\/\/fundaciondoctrinacristiana.es\/guarena\/wp-json\/wp\/v2\/posts\/2213","targetHints":{"allow":["GET"]}}],"collection":[{"href":"https:\/\/fundaciondoctrinacristiana.es\/guarena\/wp-json\/wp\/v2\/posts"}],"about":[{"href":"https:\/\/fundaciondoctrinacristiana.es\/guarena\/wp-json\/wp\/v2\/types\/post"}],"author":[{"embeddable":true,"href":"https:\/\/fundaciondoctrinacristiana.es\/guarena\/wp-json\/wp\/v2\/users\/24"}],"replies":[{"embeddable":true,"href":"https:\/\/fundaciondoctrinacristiana.es\/guarena\/wp-json\/wp\/v2\/comments?post=2213"}],"version-history":[{"count":0,"href":"https:\/\/fundaciondoctrinacristiana.es\/guarena\/wp-json\/wp\/v2\/posts\/2213\/revisions"}],"wp:featuredmedia":[{"embeddable":true,"href":"https:\/\/fundaciondoctrinacristiana.es\/guarena\/wp-json\/wp\/v2\/media\/2216"}],"wp:attachment":[{"href":"https:\/\/fundaciondoctrinacristiana.es\/guarena\/wp-json\/wp\/v2\/media?parent=2213"}],"wp:term":[{"taxonomy":"category","embeddable":true,"href":"https:\/\/fundaciondoctrinacristiana.es\/guarena\/wp-json\/wp\/v2\/categories?post=2213"},{"taxonomy":"post_tag","embeddable":true,"href":"https:\/\/fundaciondoctrinacristiana.es\/guarena\/wp-json\/wp\/v2\/tags?post=2213"}],"curies":[{"name":"wp","href":"https:\/\/api.w.org\/{rel}","templated":true}]}}