{"id":2840,"date":"2026-03-04T13:38:26","date_gmt":"2026-03-04T12:38:26","guid":{"rendered":"https:\/\/fundaciondoctrinacristiana.es\/guarena\/?p=2840"},"modified":"2026-03-04T13:54:53","modified_gmt":"2026-03-04T12:54:53","slug":"fundacion-educativa-doctrina-cristiana-ha-recibido-una-ayuda-de-la-union-europea-con-cargo-al-fondo-nextgenerationeu","status":"publish","type":"post","link":"https:\/\/fundaciondoctrinacristiana.es\/guarena\/2026\/03\/04\/fundacion-educativa-doctrina-cristiana-ha-recibido-una-ayuda-de-la-union-europea-con-cargo-al-fondo-nextgenerationeu\/","title":{"rendered":"FUNDACION EDUCATIVA DOCTRINA CRISTIANA HA RECIBIDO UNA AYUDA DE LA UNI\u00d3N EUROPEA CON CARGO AL FONDO NEXTGENERATIONEU"},"content":{"rendered":"<p>Fundaci\u00f3n Educativa Doctrina Cristiana ha recibido una ayuda de la Uni\u00f3n Europea con cargo al Fondo NextGenerationEU, en el marco del Plan de Recuperaci\u00f3n, Trasformaci\u00f3n y Resiliencia, para instalaci\u00f3n fotovoltaica de autoconsumo dentro del programa de incentivos ligados al autoconsumo y almacenamiento, con fuentes de energ\u00eda renovable, as\u00ed como la implantaci\u00f3n de sistemas t\u00e9rmicos renovables en el sector residencial del Ministerio para la Transici\u00f3n Ecol\u00f3gica y el Reto Demogr\u00e1fico, gestionado por la Junta de Extremadura, a trav\u00e9s de la Agencia Andaluza de la Energ\u00eda.<\/p>\n<p><img fetchpriority=\"high\" decoding=\"async\" class=\"alignnone size-medium wp-image-2841\" src=\"https:\/\/fundaciondoctrinacristiana.es\/guarena\/wp-content\/uploads\/sites\/7\/2026\/03\/image003-300x212.png\" alt=\"\" width=\"300\" height=\"212\" srcset=\"https:\/\/fundaciondoctrinacristiana.es\/guarena\/wp-content\/uploads\/sites\/7\/2026\/03\/image003-300x212.png 300w, https:\/\/fundaciondoctrinacristiana.es\/guarena\/wp-content\/uploads\/sites\/7\/2026\/03\/image003.png 449w\" sizes=\"(max-width: 300px) 100vw, 300px\" \/><\/p>\n<p><img decoding=\"async\" class=\"alignnone size-medium wp-image-2842\" src=\"https:\/\/fundaciondoctrinacristiana.es\/guarena\/wp-content\/uploads\/sites\/7\/2026\/03\/logos-1-300x25.jpeg\" alt=\"\" width=\"300\" height=\"25\" srcset=\"https:\/\/fundaciondoctrinacristiana.es\/guarena\/wp-content\/uploads\/sites\/7\/2026\/03\/logos-1-300x25.jpeg 300w, https:\/\/fundaciondoctrinacristiana.es\/guarena\/wp-content\/uploads\/sites\/7\/2026\/03\/logos-1-768x64.jpeg 768w, https:\/\/fundaciondoctrinacristiana.es\/guarena\/wp-content\/uploads\/sites\/7\/2026\/03\/logos-1-800x67.jpeg 800w, https:\/\/fundaciondoctrinacristiana.es\/guarena\/wp-content\/uploads\/sites\/7\/2026\/03\/logos-1.jpeg 887w\" sizes=\"(max-width: 300px) 100vw, 300px\" \/><\/p>\n<p>&nbsp;<\/p>\n","protected":false},"excerpt":{"rendered":"<p>Fundaci\u00f3n Educativa Doctrina Cristiana ha recibido una ayuda de la Uni\u00f3n Europea con cargo al Fondo NextGenerationEU, en el marco del Plan de Recuperaci\u00f3n, Trasformaci\u00f3n y Resiliencia, para instalaci\u00f3n fotovoltaica de autoconsumo dentro del programa de incentivos ligados al autoconsumo y almacenamiento, con fuentes de energ\u00eda renovable, as\u00ed como la implantaci\u00f3n de sistemas t\u00e9rmicos renovables en el sector residencial del Ministerio para la Transici\u00f3n Ecol\u00f3gica y el Reto Demogr\u00e1fico, gestionado<\/p>\n<p><a class=\"more-link\" href=\"https:\/\/fundaciondoctrinacristiana.es\/guarena\/2026\/03\/04\/fundacion-educativa-doctrina-cristiana-ha-recibido-una-ayuda-de-la-union-europea-con-cargo-al-fondo-nextgenerationeu\/\">Leer m\u00e1s<\/a><\/p>\n","protected":false},"author":24,"featured_media":2848,"comment_status":"closed","ping_status":"closed","sticky":false,"template":"","format":"standard","meta":{"footnotes":""},"categories":[2],"tags":[],"class_list":["post-2840","post","type-post","status-publish","format-standard","has-post-thumbnail","hentry","category-noticias-avisos"],"_links":{"self":[{"href":"https:\/\/fundaciondoctrinacristiana.es\/guarena\/wp-json\/wp\/v2\/posts\/2840","targetHints":{"allow":["GET"]}}],"collection":[{"href":"https:\/\/fundaciondoctrinacristiana.es\/guarena\/wp-json\/wp\/v2\/posts"}],"about":[{"href":"https:\/\/fundaciondoctrinacristiana.es\/guarena\/wp-json\/wp\/v2\/types\/post"}],"author":[{"embeddable":true,"href":"https:\/\/fundaciondoctrinacristiana.es\/guarena\/wp-json\/wp\/v2\/users\/24"}],"replies":[{"embeddable":true,"href":"https:\/\/fundaciondoctrinacristiana.es\/guarena\/wp-json\/wp\/v2\/comments?post=2840"}],"version-history":[{"count":3,"href":"https:\/\/fundaciondoctrinacristiana.es\/guarena\/wp-json\/wp\/v2\/posts\/2840\/revisions"}],"predecessor-version":[{"id":2849,"href":"https:\/\/fundaciondoctrinacristiana.es\/guarena\/wp-json\/wp\/v2\/posts\/2840\/revisions\/2849"}],"wp:featuredmedia":[{"embeddable":true,"href":"https:\/\/fundaciondoctrinacristiana.es\/guarena\/wp-json\/wp\/v2\/media\/2848"}],"wp:attachment":[{"href":"https:\/\/fundaciondoctrinacristiana.es\/guarena\/wp-json\/wp\/v2\/media?parent=2840"}],"wp:term":[{"taxonomy":"category","embeddable":true,"href":"https:\/\/fundaciondoctrinacristiana.es\/guarena\/wp-json\/wp\/v2\/categories?post=2840"},{"taxonomy":"post_tag","embeddable":true,"href":"https:\/\/fundaciondoctrinacristiana.es\/guarena\/wp-json\/wp\/v2\/tags?post=2840"}],"curies":[{"name":"wp","href":"https:\/\/api.w.org\/{rel}","templated":true}]}}