{"id":2101,"date":"2023-11-23T11:49:50","date_gmt":"2023-11-23T10:49:50","guid":{"rendered":"https:\/\/fundaciondoctrinacristiana.es\/madrid\/?p=2101"},"modified":"2023-11-23T11:52:16","modified_gmt":"2023-11-23T10:52:16","slug":"taller-diversidad-familiar","status":"publish","type":"post","link":"https:\/\/fundaciondoctrinacristiana.es\/madrid\/2023\/11\/23\/taller-diversidad-familiar\/","title":{"rendered":"TALLER DIVERSIDAD FAMILIAR"},"content":{"rendered":"<p><span style=\"font-family: arial, sans-serif\"><span style=\"color: #000000\">Hoy, jueves 23 de noviembre de 16:30 a 18:30h., en el colegio tendr\u00e1 lugar un taller, donde familias, alumnos de Ed. Primaria\u00a0 y profesores podr\u00e1n reflexionar sobre la diversidad familiar. <\/span><\/span><\/p>\n<p><span style=\"font-family: arial, sans-serif\"><span style=\"color: #000000\">La actividad ser\u00e1<\/span><\/span>\u00a0<span style=\"color: #000000;font-family: arial, sans-serif\">llevada a cabo por la organizaci\u00f3n, La Uni\u00f3n de Asociaciones Familiares (<span class=\"il\">UNAF<\/span>), <\/span><span style=\"color: #000000;font-family: arial, sans-serif\">la cu\u00e1l es una red de asociaciones con el objetivo de promover los derechos y el bienestar de las familias.<\/span><\/p>\n<p><span style=\"color: #000000;font-family: arial, sans-serif;font-size: 1rem\">Trabajan con familias desde diversos \u00e1mbitos: igualdad, diversidad, interculturalidad, infancia, j\u00f3venes, personas mayores, discapacidad y personas migrantes, entre otros. <\/span><\/p>\n<p><span class=\"il\" style=\"color: #000000;font-family: arial, sans-serif;font-size: 1rem\">UNAF<\/span><span style=\"color: #000000;font-family: arial, sans-serif;font-size: 1rem\"> defiende el derecho de la ciudadan\u00eda a elegir libremente su modelo de convivencia y los derechos de \u201clas familias\u201d en plural, independientemente de su estructura.<\/span><\/p>\n<div>\n<p><iframe title=\"Somos diversas, somos familia\" width=\"500\" height=\"281\" src=\"https:\/\/www.youtube.com\/embed\/6h1mkpSM6rM?feature=oembed\" frameborder=\"0\" allow=\"accelerometer; autoplay; clipboard-write; encrypted-media; gyroscope; picture-in-picture; web-share\" referrerpolicy=\"strict-origin-when-cross-origin\" allowfullscreen><\/iframe><\/p>\n<p>&nbsp;<\/p>\n<\/div>\n","protected":false},"excerpt":{"rendered":"<p>Hoy, jueves 23 de noviembre de 16:30 a 18:30h., en el colegio tendr\u00e1 lugar un taller, donde familias, alumnos de Ed. Primaria\u00a0 y profesores podr\u00e1n reflexionar sobre la diversidad familiar. La actividad ser\u00e1\u00a0llevada a cabo por la organizaci\u00f3n, La Uni\u00f3n de Asociaciones Familiares (UNAF), la cu\u00e1l es una red de asociaciones con el objetivo de promover los derechos y el bienestar de las familias. Trabajan con familias desde diversos \u00e1mbitos:<\/p>\n<p><a class=\"more-link\" href=\"https:\/\/fundaciondoctrinacristiana.es\/madrid\/2023\/11\/23\/taller-diversidad-familiar\/\">Leer m\u00e1s<\/a><\/p>\n","protected":false},"author":793,"featured_media":0,"comment_status":"closed","ping_status":"closed","sticky":false,"template":"","format":"standard","meta":{"footnotes":""},"categories":[1],"tags":[],"class_list":["post-2101","post","type-post","status-publish","format-standard","hentry","category-sin-categoria"],"_links":{"self":[{"href":"https:\/\/fundaciondoctrinacristiana.es\/madrid\/wp-json\/wp\/v2\/posts\/2101","targetHints":{"allow":["GET"]}}],"collection":[{"href":"https:\/\/fundaciondoctrinacristiana.es\/madrid\/wp-json\/wp\/v2\/posts"}],"about":[{"href":"https:\/\/fundaciondoctrinacristiana.es\/madrid\/wp-json\/wp\/v2\/types\/post"}],"author":[{"embeddable":true,"href":"https:\/\/fundaciondoctrinacristiana.es\/madrid\/wp-json\/wp\/v2\/users\/793"}],"replies":[{"embeddable":true,"href":"https:\/\/fundaciondoctrinacristiana.es\/madrid\/wp-json\/wp\/v2\/comments?post=2101"}],"version-history":[{"count":4,"href":"https:\/\/fundaciondoctrinacristiana.es\/madrid\/wp-json\/wp\/v2\/posts\/2101\/revisions"}],"predecessor-version":[{"id":2105,"href":"https:\/\/fundaciondoctrinacristiana.es\/madrid\/wp-json\/wp\/v2\/posts\/2101\/revisions\/2105"}],"wp:attachment":[{"href":"https:\/\/fundaciondoctrinacristiana.es\/madrid\/wp-json\/wp\/v2\/media?parent=2101"}],"wp:term":[{"taxonomy":"category","embeddable":true,"href":"https:\/\/fundaciondoctrinacristiana.es\/madrid\/wp-json\/wp\/v2\/categories?post=2101"},{"taxonomy":"post_tag","embeddable":true,"href":"https:\/\/fundaciondoctrinacristiana.es\/madrid\/wp-json\/wp\/v2\/tags?post=2101"}],"curies":[{"name":"wp","href":"https:\/\/api.w.org\/{rel}","templated":true}]}}