{"id":2466,"date":"2024-02-03T09:50:04","date_gmt":"2024-02-03T08:50:04","guid":{"rendered":"https:\/\/fundaciondoctrinacristiana.es\/madrid\/?p=2466"},"modified":"2024-02-03T09:50:04","modified_gmt":"2024-02-03T08:50:04","slug":"entrevista-a-nuestra-directora-de-infantil-y-primaria","status":"publish","type":"post","link":"https:\/\/fundaciondoctrinacristiana.es\/madrid\/2024\/02\/03\/entrevista-a-nuestra-directora-de-infantil-y-primaria\/","title":{"rendered":"Entrevista a nuestra directora de Infantil y Primaria"},"content":{"rendered":"<p>Nuestra directora de Infantil y Primaria, Esther Jim\u00e9nez, ofrece una entrevista en el peri\u00f3dico local <strong><a href=\"https:\/\/www.tetuan30dias.com\/entrevistas\/todo-cambio-educativo-conlleva-adaptacion-varia-segun-recursos\" target=\"_blank\" rel=\"noopener\">Tetu\u00e1n 30 d\u00edas.<\/a><\/strong><\/p>\n","protected":false},"excerpt":{"rendered":"<p>Nuestra directora de Infantil y Primaria, Esther Jim\u00e9nez, ofrece una entrevista en el peri\u00f3dico local Tetu\u00e1n 30 d\u00edas.<\/p>\n","protected":false},"author":793,"featured_media":0,"comment_status":"closed","ping_status":"closed","sticky":false,"template":"","format":"standard","meta":{"footnotes":""},"categories":[1],"tags":[],"class_list":["post-2466","post","type-post","status-publish","format-standard","hentry","category-sin-categoria"],"_links":{"self":[{"href":"https:\/\/fundaciondoctrinacristiana.es\/madrid\/wp-json\/wp\/v2\/posts\/2466","targetHints":{"allow":["GET"]}}],"collection":[{"href":"https:\/\/fundaciondoctrinacristiana.es\/madrid\/wp-json\/wp\/v2\/posts"}],"about":[{"href":"https:\/\/fundaciondoctrinacristiana.es\/madrid\/wp-json\/wp\/v2\/types\/post"}],"author":[{"embeddable":true,"href":"https:\/\/fundaciondoctrinacristiana.es\/madrid\/wp-json\/wp\/v2\/users\/793"}],"replies":[{"embeddable":true,"href":"https:\/\/fundaciondoctrinacristiana.es\/madrid\/wp-json\/wp\/v2\/comments?post=2466"}],"version-history":[{"count":2,"href":"https:\/\/fundaciondoctrinacristiana.es\/madrid\/wp-json\/wp\/v2\/posts\/2466\/revisions"}],"predecessor-version":[{"id":2468,"href":"https:\/\/fundaciondoctrinacristiana.es\/madrid\/wp-json\/wp\/v2\/posts\/2466\/revisions\/2468"}],"wp:attachment":[{"href":"https:\/\/fundaciondoctrinacristiana.es\/madrid\/wp-json\/wp\/v2\/media?parent=2466"}],"wp:term":[{"taxonomy":"category","embeddable":true,"href":"https:\/\/fundaciondoctrinacristiana.es\/madrid\/wp-json\/wp\/v2\/categories?post=2466"},{"taxonomy":"post_tag","embeddable":true,"href":"https:\/\/fundaciondoctrinacristiana.es\/madrid\/wp-json\/wp\/v2\/tags?post=2466"}],"curies":[{"name":"wp","href":"https:\/\/api.w.org\/{rel}","templated":true}]}}