{"id":2568,"date":"2024-05-13T19:22:28","date_gmt":"2024-05-13T17:22:28","guid":{"rendered":"https:\/\/fundaciondoctrinacristiana.es\/madrid\/?p=2568"},"modified":"2024-05-13T19:22:28","modified_gmt":"2024-05-13T17:22:28","slug":"campamento-de-verano-2024","status":"publish","type":"post","link":"https:\/\/fundaciondoctrinacristiana.es\/madrid\/2024\/05\/13\/campamento-de-verano-2024\/","title":{"rendered":"CAMPAMENTO DE VERANO 2024"},"content":{"rendered":"<div id=\":m4\">\n<div class=\"wl4W9b\"><span style=\"font-size: 1rem\">Estimadas familias,<a href=\"https:\/\/docs.google.com\/forms\/d\/e\/1FAIpQLScofXzRESHEmVfAeVw1TXXJBGTfdTXhuvr2hZiuyUMNADBbmw\/viewform\" target=\"_blank\" rel=\"noopener\"><img fetchpriority=\"high\" decoding=\"async\" class=\" wp-image-2569 alignright\" src=\"https:\/\/fundaciondoctrinacristiana.es\/madrid\/wp-content\/uploads\/sites\/6\/2024\/05\/campamento.png\" alt=\"\" width=\"305\" height=\"407\" srcset=\"https:\/\/fundaciondoctrinacristiana.es\/madrid\/wp-content\/uploads\/sites\/6\/2024\/05\/campamento.png 1008w, https:\/\/fundaciondoctrinacristiana.es\/madrid\/wp-content\/uploads\/sites\/6\/2024\/05\/campamento-225x300.png 225w, https:\/\/fundaciondoctrinacristiana.es\/madrid\/wp-content\/uploads\/sites\/6\/2024\/05\/campamento-768x1024.png 768w, https:\/\/fundaciondoctrinacristiana.es\/madrid\/wp-content\/uploads\/sites\/6\/2024\/05\/campamento-800x1067.png 800w\" sizes=\"(max-width: 305px) 100vw, 305px\" \/><\/a><\/span><\/div>\n<\/div>\n<div class=\"\">\n<div id=\":o7\" class=\"ii gt\">\n<div id=\":o8\" class=\"a3s aiL \">\n<div dir=\"ltr\">les informamos que desarrollaremos una vez finalizado el curso escolar el<strong> campamento de verano en el colegio de la mano de Randori Sport.<\/strong><\/p>\n<div>\nSe llevar\u00e1 a cabo en las siguientes fechas y con <strong>horario b\u00e1sico de 9:00 h. a 14:00 h.<\/strong> y contaremos con una <strong>ampliaci\u00f3n de ma\u00f1ana (a partir de las 8:00)<\/strong> y servicio de <strong>comedor y actividades de 14:00h. a 16:00 h.<\/strong><\/p>\n<div>\n<strong>\u2022 24 de junio al 28 de junio<\/strong><br \/>\n<strong>\u2022 1 de julio al 5 de julio<\/strong><br \/>\n<strong>\u2022 8 de julio al 12 de julio<\/strong><br \/>\n<strong>\u2022 15 de julio al 19 de julio<\/strong><br \/>\n<strong>\u2022 2 de septiembre al 6 de septiembre<\/strong><\/div>\n<div><\/div>\n<div><\/div>\n<div>\nLa inscripci\u00f3n se puede realizar por semanas de manera independiente. Es condici\u00f3n indispensable que para formar grupos haya un m\u00ednimo de 10 alumnos por semana.<\/div>\n<div><\/div>\n<div>La inscripci\u00f3n se realiza en la web\u00a0<a href=\"http:\/\/www.randori.es\/divinocorazon\" target=\"_blank\" rel=\"noopener\" data-saferedirecturl=\"https:\/\/www.google.com\/url?q=http:\/\/www.randori.es\/divinocorazon&amp;source=gmail&amp;ust=1715706898865000&amp;usg=AOvVaw1UFLxWMq7oCAATbyx32Yek\">www.randori.es\/divinocorazon<\/a>\u00a0o a trav\u00e9s del siguiente formulario:\u00a0<a href=\"https:\/\/docs.google.com\/forms\/d\/e\/1FAIpQLScofXzRESHEmVfAeVw1TXXJBGTfdTXhuvr2hZiuyUMNADBbmw\/viewform?usp=sf_link\" target=\"_blank\" rel=\"noopener\" data-saferedirecturl=\"https:\/\/www.google.com\/url?q=https:\/\/docs.google.com\/forms\/d\/e\/1FAIpQLScofXzRESHEmVfAeVw1TXXJBGTfdTXhuvr2hZiuyUMNADBbmw\/viewform?usp%3Dsf_link&amp;source=gmail&amp;ust=1715706898865000&amp;usg=AOvVaw2OmEf4Ct6SvJyIT657Bm70\">https:\/\/docs.google.com\/forms\/d\/e\/1FAIpQLScofXzRESHEmVfAeVw1TXXJBGTfdTXhuvr2hZiuyUMNADBbmw\/viewform?usp=sf_link<\/a><\/div>\n<div><\/div>\n<div><\/div>\n<div>Para cualquier consulta pueden ponerse en contacto a trav\u00e9s de las siguientes v\u00edas:<\/div>\n<div>\n\u2022 672696216<br \/>\n\u2022\u00a0<a href=\"mailto:divinocorazon@randori.es\" target=\"_blank\" rel=\"noopener\">divinocorazon@randori.es<\/a><\/p>\n<\/div>\n<div>Deseamos que podamos seguir adelante y pasar unas semanas llenas de diversi\u00f3n en el cole.<\/div>\n<div><\/div>\n<div>Un saludo<\/p>\n<\/div>\n<\/div>\n<\/div>\n<\/div>\n<\/div>\n<\/div>\n","protected":false},"excerpt":{"rendered":"<p>Estimadas familias, les informamos que desarrollaremos una vez finalizado el curso escolar el campamento de verano en el colegio de la mano de Randori Sport. Se llevar\u00e1 a cabo en las siguientes fechas y con horario b\u00e1sico de 9:00 h. a 14:00 h. y contaremos con una ampliaci\u00f3n de ma\u00f1ana (a partir de las 8:00) y servicio de comedor y actividades de 14:00h. a 16:00 h. \u2022 24 de junio<\/p>\n<p><a class=\"more-link\" href=\"https:\/\/fundaciondoctrinacristiana.es\/madrid\/2024\/05\/13\/campamento-de-verano-2024\/\">Leer m\u00e1s<\/a><\/p>\n","protected":false},"author":793,"featured_media":0,"comment_status":"closed","ping_status":"closed","sticky":false,"template":"","format":"standard","meta":{"footnotes":""},"categories":[1],"tags":[],"class_list":["post-2568","post","type-post","status-publish","format-standard","hentry","category-sin-categoria"],"_links":{"self":[{"href":"https:\/\/fundaciondoctrinacristiana.es\/madrid\/wp-json\/wp\/v2\/posts\/2568","targetHints":{"allow":["GET"]}}],"collection":[{"href":"https:\/\/fundaciondoctrinacristiana.es\/madrid\/wp-json\/wp\/v2\/posts"}],"about":[{"href":"https:\/\/fundaciondoctrinacristiana.es\/madrid\/wp-json\/wp\/v2\/types\/post"}],"author":[{"embeddable":true,"href":"https:\/\/fundaciondoctrinacristiana.es\/madrid\/wp-json\/wp\/v2\/users\/793"}],"replies":[{"embeddable":true,"href":"https:\/\/fundaciondoctrinacristiana.es\/madrid\/wp-json\/wp\/v2\/comments?post=2568"}],"version-history":[{"count":7,"href":"https:\/\/fundaciondoctrinacristiana.es\/madrid\/wp-json\/wp\/v2\/posts\/2568\/revisions"}],"predecessor-version":[{"id":2576,"href":"https:\/\/fundaciondoctrinacristiana.es\/madrid\/wp-json\/wp\/v2\/posts\/2568\/revisions\/2576"}],"wp:attachment":[{"href":"https:\/\/fundaciondoctrinacristiana.es\/madrid\/wp-json\/wp\/v2\/media?parent=2568"}],"wp:term":[{"taxonomy":"category","embeddable":true,"href":"https:\/\/fundaciondoctrinacristiana.es\/madrid\/wp-json\/wp\/v2\/categories?post=2568"},{"taxonomy":"post_tag","embeddable":true,"href":"https:\/\/fundaciondoctrinacristiana.es\/madrid\/wp-json\/wp\/v2\/tags?post=2568"}],"curies":[{"name":"wp","href":"https:\/\/api.w.org\/{rel}","templated":true}]}}