{"id":105,"date":"2020-06-10T18:18:49","date_gmt":"2020-06-10T18:18:49","guid":{"rendered":"https:\/\/fundaciondoctrinacristiana.es\/rinconada\/?p=105"},"modified":"2021-03-05T18:19:20","modified_gmt":"2021-03-05T18:19:20","slug":"matricula-secundaria","status":"publish","type":"post","link":"https:\/\/fundaciondoctrinacristiana.es\/rinconada\/2020\/06\/10\/matricula-secundaria\/","title":{"rendered":"Matr\u00edcula Secundaria"},"content":{"rendered":"<p><span style=\"color: #000000;\">Estimadas familias,<\/span><br \/>\n<span style=\"color: #000000;\">\u00a0<\/span><br \/>\n<span style=\"color: #000000;\">Os informamos que el <strong><span style=\"color: #993300;\">periodo de matriculaci\u00f3n<\/span><\/strong> de los\/as alumnos\/as de Educaci\u00f3n Secundaria para el <strong><span style=\"color: #993300;\">curso escolar 2020\/21<\/span><\/strong> ser\u00e1 desde el <strong><span style=\"color: #993300;\">11 al 23 de junio de 2020. <\/span><\/strong><span style=\"color: #993300;\"><span style=\"color: #000000;\">(para los alumnos\/as de<\/span><\/span> <strong><span style=\"color: #993300;\">6\u00ba de primaria <\/span><\/strong><span style=\"color: #993300;\"><span style=\"color: #000000;\">que pasan a 1\u00ba de ESO ser\u00e1 desde el<\/span><\/span> <strong><span style=\"color: #993300;\">11 al 22 de junio de 2020)<\/span><\/strong><\/span><br \/>\n<span style=\"color: #000000;\">\u00a0<\/span><br \/>\n<span style=\"color: #000000;\">Debido a la situaci\u00f3n extraordinaria en la que nos encontramos y respetando siempre las medidas sanitarias, hemos optado por realizar este proceso administrativo de tres formas posibles, a saber:<\/span><br \/>\n<span style=\"color: #000000;\">\u00a0<\/span><br \/>\n<span style=\"color: #000000;\"><strong><span style=\"color: #993300;\">1.- De forma presencial durante la recogida de notas el d\u00eda 23 de junio:<\/span><\/strong> el\/la tutor\/a legal del alumno recoger\u00e1 el documento de la matr\u00edcula en el centro, lo rellenar\u00e1 y lo entregar\u00e1 al tutor\/a. Para evitar posibles aglomeraciones y respetando siempre las medidas de higiene, se dividir\u00e1 el proceso por tramos horarios. Se informar\u00e1 de los correspondientes tramos horarios pr\u00f3ximamente.<\/span><br \/>\n<span style=\"color: #000000;\">\u00a0<\/span><br \/>\n<span style=\"color: #000000;\"><strong><span style=\"color: #993300;\">2.- P\u00e1gina web del Colegio:<\/span><\/strong> al final de \u00e9ste art\u00edculo puede descargar el documento de la matr\u00edcula. Se rellenar\u00e1 y se entregar\u00e1 el d\u00eda 23 de junio a la hora que se le asigne.<\/span><\/p>\n<p><span style=\"color: #000000;\"><strong><span style=\"color: #993300;\">3.- De forma telem\u00e1tica desde el d\u00eda 11 al 21 de junio:<\/span><\/strong> al final de \u00e9ste art\u00edculo puede descargar el documento de la matr\u00edcula. Se imprime, se rellena, se escanea y se env\u00eda al correo: matricula@doctrinacristianarinconada.es<\/span><br \/>\n<span style=\"color: #000000;\">\u00a0<\/span><br \/>\n<span style=\"color: #000000;\">NOTA: No se debe rellenar los apartados siguientes:<\/span><\/p>\n<p><span style=\"color: #000000;\">\u00a0 \u00a0 &#8211; Ense\u00f1anzas acad\u00e9micas para la iniciaci\u00f3n al bachillerato<\/span><br \/>\n<span style=\"color: #000000;\">\u00a0 \u00a0 &#8211; Ense\u00f1anzas aplicadas para la iniciaci\u00f3n a la formaci\u00f3n profesional<\/span><br \/>\n<span style=\"color: #000000;\">\u00a0 \u00a0 &#8211; Materias troncales de opci\u00f3n<\/span><br \/>\n<span style=\"color: #000000;\">\u00a0 \u00a0 &#8211; Materias espec\u00edficas<\/span><br \/>\n<span style=\"color: #000000;\">\u00a0 \u00a0 &#8211; Materias de libre configuraci\u00f3n<\/span><\/p>\n<p><span style=\"color: #000000;\"><strong><span style=\"color: #993300;\">*Las materias optativas se elegir\u00e1n en septiembre.<\/span><\/strong><\/span><br \/>\n<span style=\"color: #000000;\"><strong><span style=\"color: #993300;\">*La fecha de firma del documento debe ser el 1 de julio de 2020.<\/span><\/strong><\/span><\/p>\n<p><span style=\"color: #000000;\">\u00a0<\/span><br \/>\n<span style=\"color: #000000;\">La Direcci\u00f3n<\/span><\/p>\n<p><span style=\"color: #993300;\"><strong>Matr\u00edculas:<\/strong><\/span><br \/>\n<a href=\"https:\/\/drive.google.com\/file\/d\/1SnpXYZUoEjqyImSGT_k4N-mFKT5RkOgI\/view?usp=sharing\" target=\"_blank\" rel=\"noopener noreferrer\">Matricula secundaria (pinche aqu\u00ed)<\/a><\/p>\n","protected":false},"excerpt":{"rendered":"<p>Estimadas familias, \u00a0 Os informamos que el periodo de matriculaci\u00f3n de los\/as alumnos\/as de Educaci\u00f3n Secundaria para el curso escolar 2020\/21 ser\u00e1 desde el 11 al 23 de junio de 2020. (para los alumnos\/as de 6\u00ba de primaria que pasan a 1\u00ba de ESO ser\u00e1 desde el 11 al 22 de junio de 2020) \u00a0 Debido a la situaci\u00f3n extraordinaria en la que nos encontramos y respetando siempre las medidas<\/p>\n<p><a class=\"more-link\" href=\"https:\/\/fundaciondoctrinacristiana.es\/rinconada\/2020\/06\/10\/matricula-secundaria\/\">Leer m\u00e1s<\/a><\/p>\n","protected":false},"author":1,"featured_media":0,"comment_status":"closed","ping_status":"closed","sticky":false,"template":"","format":"standard","meta":{"footnotes":""},"categories":[1],"tags":[],"class_list":["post-105","post","type-post","status-publish","format-standard","hentry","category-sin-categoria"],"_links":{"self":[{"href":"https:\/\/fundaciondoctrinacristiana.es\/rinconada\/wp-json\/wp\/v2\/posts\/105","targetHints":{"allow":["GET"]}}],"collection":[{"href":"https:\/\/fundaciondoctrinacristiana.es\/rinconada\/wp-json\/wp\/v2\/posts"}],"about":[{"href":"https:\/\/fundaciondoctrinacristiana.es\/rinconada\/wp-json\/wp\/v2\/types\/post"}],"author":[{"embeddable":true,"href":"https:\/\/fundaciondoctrinacristiana.es\/rinconada\/wp-json\/wp\/v2\/users\/1"}],"replies":[{"embeddable":true,"href":"https:\/\/fundaciondoctrinacristiana.es\/rinconada\/wp-json\/wp\/v2\/comments?post=105"}],"version-history":[{"count":0,"href":"https:\/\/fundaciondoctrinacristiana.es\/rinconada\/wp-json\/wp\/v2\/posts\/105\/revisions"}],"wp:attachment":[{"href":"https:\/\/fundaciondoctrinacristiana.es\/rinconada\/wp-json\/wp\/v2\/media?parent=105"}],"wp:term":[{"taxonomy":"category","embeddable":true,"href":"https:\/\/fundaciondoctrinacristiana.es\/rinconada\/wp-json\/wp\/v2\/categories?post=105"},{"taxonomy":"post_tag","embeddable":true,"href":"https:\/\/fundaciondoctrinacristiana.es\/rinconada\/wp-json\/wp\/v2\/tags?post=105"}],"curies":[{"name":"wp","href":"https:\/\/api.w.org\/{rel}","templated":true}]}}