{"id":97,"date":"2019-03-27T18:14:26","date_gmt":"2019-03-27T18:14:26","guid":{"rendered":"https:\/\/fundaciondoctrinacristiana.es\/rinconada\/?p=97"},"modified":"2021-03-05T18:14:57","modified_gmt":"2021-03-05T18:14:57","slug":"21-de-marzo-dia-mundial-del-sindrome-down","status":"publish","type":"post","link":"https:\/\/fundaciondoctrinacristiana.es\/rinconada\/2019\/03\/27\/21-de-marzo-dia-mundial-del-sindrome-down\/","title":{"rendered":"21 DE MARZO, D\u00cdA MUNDIAL DEL S\u00cdNDROME DOWN"},"content":{"rendered":"<p>El pasado d\u00eda 21 de marzo, se celebr\u00f3 en nuestro cole el d\u00eda mundial del S\u00edndrome de Down, y aqu\u00ed os dejamos una peque\u00f1a muestra de \u00e9ste d\u00eda.<\/p>\n<p><a href=\"https:\/\/youtu.be\/WK7uPHhnmCg\" target=\"_blank\" rel=\"noopener\">Pinche aqu\u00ed para ver el v\u00eddeo.<\/a><\/p>\n","protected":false},"excerpt":{"rendered":"<p>El pasado d\u00eda 21 de marzo, se celebr\u00f3 en nuestro cole el d\u00eda mundial del S\u00edndrome de Down, y aqu\u00ed os dejamos una peque\u00f1a muestra de \u00e9ste d\u00eda. Pinche aqu\u00ed para ver el v\u00eddeo.<\/p>\n","protected":false},"author":1,"featured_media":0,"comment_status":"closed","ping_status":"closed","sticky":false,"template":"","format":"standard","meta":{"footnotes":""},"categories":[1],"tags":[],"class_list":["post-97","post","type-post","status-publish","format-standard","hentry","category-sin-categoria"],"_links":{"self":[{"href":"https:\/\/fundaciondoctrinacristiana.es\/rinconada\/wp-json\/wp\/v2\/posts\/97","targetHints":{"allow":["GET"]}}],"collection":[{"href":"https:\/\/fundaciondoctrinacristiana.es\/rinconada\/wp-json\/wp\/v2\/posts"}],"about":[{"href":"https:\/\/fundaciondoctrinacristiana.es\/rinconada\/wp-json\/wp\/v2\/types\/post"}],"author":[{"embeddable":true,"href":"https:\/\/fundaciondoctrinacristiana.es\/rinconada\/wp-json\/wp\/v2\/users\/1"}],"replies":[{"embeddable":true,"href":"https:\/\/fundaciondoctrinacristiana.es\/rinconada\/wp-json\/wp\/v2\/comments?post=97"}],"version-history":[{"count":0,"href":"https:\/\/fundaciondoctrinacristiana.es\/rinconada\/wp-json\/wp\/v2\/posts\/97\/revisions"}],"wp:attachment":[{"href":"https:\/\/fundaciondoctrinacristiana.es\/rinconada\/wp-json\/wp\/v2\/media?parent=97"}],"wp:term":[{"taxonomy":"category","embeddable":true,"href":"https:\/\/fundaciondoctrinacristiana.es\/rinconada\/wp-json\/wp\/v2\/categories?post=97"},{"taxonomy":"post_tag","embeddable":true,"href":"https:\/\/fundaciondoctrinacristiana.es\/rinconada\/wp-json\/wp\/v2\/tags?post=97"}],"curies":[{"name":"wp","href":"https:\/\/api.w.org\/{rel}","templated":true}]}}