{"id":99,"date":"2019-04-03T18:15:50","date_gmt":"2019-04-03T18:15:50","guid":{"rendered":"https:\/\/fundaciondoctrinacristiana.es\/rinconada\/?p=99"},"modified":"2021-03-05T18:16:31","modified_gmt":"2021-03-05T18:16:31","slug":"haz-un-gesto-por-el-autismo","status":"publish","type":"post","link":"https:\/\/fundaciondoctrinacristiana.es\/rinconada\/2019\/04\/03\/haz-un-gesto-por-el-autismo\/","title":{"rendered":"Haz un gesto por el Autismo"},"content":{"rendered":"<p>El d\u00eda 2 de abril se celebra el d\u00eda mundial de Concienciaci\u00f3n sobre el Autismo, y bajo la campa\u00f1a \u00abHaz un gesto por el Autismo\u00bb hemos trabajo este d\u00eda con muy diversas actividades. Os dejamos un peque\u00f1o v\u00eddeo.<\/p>\n<p><a href=\"https:\/\/www.youtube.com\/watch?v=dCkUCPVSoYM&amp;t=2s\" target=\"_blank\" rel=\"noopener\">Pinche aqu\u00ed para ver el v\u00eddeo.<\/a><\/p>\n","protected":false},"excerpt":{"rendered":"<p>El d\u00eda 2 de abril se celebra el d\u00eda mundial de Concienciaci\u00f3n sobre el Autismo, y bajo la campa\u00f1a \u00abHaz un gesto por el Autismo\u00bb hemos trabajo este d\u00eda con muy diversas actividades. Os dejamos un peque\u00f1o v\u00eddeo. Pinche aqu\u00ed para ver el v\u00eddeo.<\/p>\n","protected":false},"author":1,"featured_media":0,"comment_status":"closed","ping_status":"closed","sticky":false,"template":"","format":"standard","meta":{"footnotes":""},"categories":[1],"tags":[],"class_list":["post-99","post","type-post","status-publish","format-standard","hentry","category-sin-categoria"],"_links":{"self":[{"href":"https:\/\/fundaciondoctrinacristiana.es\/rinconada\/wp-json\/wp\/v2\/posts\/99","targetHints":{"allow":["GET"]}}],"collection":[{"href":"https:\/\/fundaciondoctrinacristiana.es\/rinconada\/wp-json\/wp\/v2\/posts"}],"about":[{"href":"https:\/\/fundaciondoctrinacristiana.es\/rinconada\/wp-json\/wp\/v2\/types\/post"}],"author":[{"embeddable":true,"href":"https:\/\/fundaciondoctrinacristiana.es\/rinconada\/wp-json\/wp\/v2\/users\/1"}],"replies":[{"embeddable":true,"href":"https:\/\/fundaciondoctrinacristiana.es\/rinconada\/wp-json\/wp\/v2\/comments?post=99"}],"version-history":[{"count":0,"href":"https:\/\/fundaciondoctrinacristiana.es\/rinconada\/wp-json\/wp\/v2\/posts\/99\/revisions"}],"wp:attachment":[{"href":"https:\/\/fundaciondoctrinacristiana.es\/rinconada\/wp-json\/wp\/v2\/media?parent=99"}],"wp:term":[{"taxonomy":"category","embeddable":true,"href":"https:\/\/fundaciondoctrinacristiana.es\/rinconada\/wp-json\/wp\/v2\/categories?post=99"},{"taxonomy":"post_tag","embeddable":true,"href":"https:\/\/fundaciondoctrinacristiana.es\/rinconada\/wp-json\/wp\/v2\/tags?post=99"}],"curies":[{"name":"wp","href":"https:\/\/api.w.org\/{rel}","templated":true}]}}