{"id":20599,"date":"2026-03-02T10:00:00","date_gmt":"2026-03-02T09:00:00","guid":{"rendered":"https:\/\/fundaciondoctrinacristiana.es\/sevilla\/?p=20599"},"modified":"2026-03-02T10:00:17","modified_gmt":"2026-03-02T09:00:17","slug":"iii-curso-formacion-coral-juvenil-acordes","status":"publish","type":"post","link":"https:\/\/fundaciondoctrinacristiana.es\/sevilla\/sin-categoria\/iii-curso-formacion-coral-juvenil-acordes\/","title":{"rendered":"III Curso formaci\u00f3n coral juvenil ACORDES"},"content":{"rendered":"<p><img fetchpriority=\"high\" decoding=\"async\" class=\"alignnone size-full wp-image-20600\" src=\"https:\/\/fundaciondoctrinacristiana.es\/sevilla\/wp-content\/uploads\/sites\/2\/2026\/03\/III-Curso-ACORDES-qr.jpg.jpeg\" alt=\"\" width=\"1414\" height=\"1999\" srcset=\"https:\/\/fundaciondoctrinacristiana.es\/sevilla\/wp-content\/uploads\/sites\/2\/2026\/03\/III-Curso-ACORDES-qr.jpg.jpeg 1414w, https:\/\/fundaciondoctrinacristiana.es\/sevilla\/wp-content\/uploads\/sites\/2\/2026\/03\/III-Curso-ACORDES-qr.jpg-212x300.jpeg 212w, https:\/\/fundaciondoctrinacristiana.es\/sevilla\/wp-content\/uploads\/sites\/2\/2026\/03\/III-Curso-ACORDES-qr.jpg-724x1024.jpeg 724w, https:\/\/fundaciondoctrinacristiana.es\/sevilla\/wp-content\/uploads\/sites\/2\/2026\/03\/III-Curso-ACORDES-qr.jpg-768x1086.jpeg 768w, https:\/\/fundaciondoctrinacristiana.es\/sevilla\/wp-content\/uploads\/sites\/2\/2026\/03\/III-Curso-ACORDES-qr.jpg-1086x1536.jpeg 1086w, https:\/\/fundaciondoctrinacristiana.es\/sevilla\/wp-content\/uploads\/sites\/2\/2026\/03\/III-Curso-ACORDES-qr.jpg-800x1131.jpeg 800w, https:\/\/fundaciondoctrinacristiana.es\/sevilla\/wp-content\/uploads\/sites\/2\/2026\/03\/III-Curso-ACORDES-qr.jpg-600x848.jpeg 600w\" sizes=\"(max-width: 1414px) 100vw, 1414px\" \/><\/p>\n<p>Los d\u00edas 7 y 8 de marzo se celebrar\u00e1 en nuestro colegio el III curso de formaci\u00f3n coral juvenil organizado por la Asociaci\u00f3n de coros escolares de Sevilla (ACORDES). Nuestro colegio acoger\u00e1 a cantantes de numerosos coros de otros centros escolares para preparar junto al maestro <a href=\"https:\/\/www.vocesparalaconvivencia.com\/alfonso-elorriaga\" target=\"_blank\" rel=\"noopener\">Alfonso Elorriaga<\/a>, el concierto que tendr\u00e1 lugar en la capilla del colegio el domingo 8 de marzo a partir de las 12h (gratuito hasta completar aforo).<\/p>\n<p>El curso est\u00e1 destinado a profesores, maestros y profesionales de ense\u00f1anzas musicales que trabajen con alumnos de primaria y secundaria para profundizar en el tratamiento de la voz infantil y juvenil, la muda de la voz, el repertorio y, sobre todo, el trabajo con un coro piloto para poner en pr\u00e1ctica todo el contenido.<\/p>\n<p>La inscripci\u00f3n al curso para profesionales de ense\u00f1anzas musicales se puede hacer a trav\u00e9s del qr y a trav\u00e9s de este <a href=\"https:\/\/forms.gle\/tjgQJHn7jpE4JBbz7\" target=\"_blank\" rel=\"noopener\">enlace.<\/a><\/p>\n","protected":false},"excerpt":{"rendered":"<p>Los d\u00edas 7 y 8 de marzo se celebrar\u00e1 en nuestro colegio el III curso de formaci\u00f3n coral juvenil organizado por la Asociaci\u00f3n de coros escolares de Sevilla (ACORDES). Nuestro colegio acoger\u00e1 a cantantes de numerosos coros de otros centros escolares para preparar junto al maestro Alfonso Elorriaga, el concierto que tendr\u00e1 lugar en la capilla del colegio el domingo 8 de marzo a partir de las 12h (gratuito hasta<\/p>\n<p><a class=\"more-link\" href=\"https:\/\/fundaciondoctrinacristiana.es\/sevilla\/sin-categoria\/iii-curso-formacion-coral-juvenil-acordes\/\">Leer m\u00e1s<\/a><\/p>\n","protected":false},"author":8,"featured_media":20600,"comment_status":"closed","ping_status":"closed","sticky":false,"template":"","format":"standard","meta":{"footnotes":""},"categories":[1],"tags":[],"class_list":["post-20599","post","type-post","status-publish","format-standard","has-post-thumbnail","hentry","category-sin-categoria"],"_links":{"self":[{"href":"https:\/\/fundaciondoctrinacristiana.es\/sevilla\/wp-json\/wp\/v2\/posts\/20599","targetHints":{"allow":["GET"]}}],"collection":[{"href":"https:\/\/fundaciondoctrinacristiana.es\/sevilla\/wp-json\/wp\/v2\/posts"}],"about":[{"href":"https:\/\/fundaciondoctrinacristiana.es\/sevilla\/wp-json\/wp\/v2\/types\/post"}],"author":[{"embeddable":true,"href":"https:\/\/fundaciondoctrinacristiana.es\/sevilla\/wp-json\/wp\/v2\/users\/8"}],"replies":[{"embeddable":true,"href":"https:\/\/fundaciondoctrinacristiana.es\/sevilla\/wp-json\/wp\/v2\/comments?post=20599"}],"version-history":[{"count":1,"href":"https:\/\/fundaciondoctrinacristiana.es\/sevilla\/wp-json\/wp\/v2\/posts\/20599\/revisions"}],"predecessor-version":[{"id":20602,"href":"https:\/\/fundaciondoctrinacristiana.es\/sevilla\/wp-json\/wp\/v2\/posts\/20599\/revisions\/20602"}],"wp:featuredmedia":[{"embeddable":true,"href":"https:\/\/fundaciondoctrinacristiana.es\/sevilla\/wp-json\/wp\/v2\/media\/20600"}],"wp:attachment":[{"href":"https:\/\/fundaciondoctrinacristiana.es\/sevilla\/wp-json\/wp\/v2\/media?parent=20599"}],"wp:term":[{"taxonomy":"category","embeddable":true,"href":"https:\/\/fundaciondoctrinacristiana.es\/sevilla\/wp-json\/wp\/v2\/categories?post=20599"},{"taxonomy":"post_tag","embeddable":true,"href":"https:\/\/fundaciondoctrinacristiana.es\/sevilla\/wp-json\/wp\/v2\/tags?post=20599"}],"curies":[{"name":"wp","href":"https:\/\/api.w.org\/{rel}","templated":true}]}}